{"id":1322,"date":"2024-10-12T20:14:04","date_gmt":"2024-10-12T23:14:04","guid":{"rendered":"https:\/\/fecim.com.br\/2024\/?p=1322"},"modified":"2024-10-14T00:16:30","modified_gmt":"2024-10-14T03:16:30","slug":"conheca-os-filmes-selecionados-para-o-13ofecim","status":"publish","type":"post","link":"https:\/\/fecim.com.br\/2024\/conheca-os-filmes-selecionados-para-o-13ofecim\/","title":{"rendered":"Conhe\u00e7a os filmes selecionados para o 13\u00baFECIM"},"content":{"rendered":"<p>O FECIM recebeu 65 filmes vindos de todas as partes do Brasil. Ap\u00f3s a an\u00e1lise da organiza\u00e7\u00e3o o Festival anuncia os filmes selecionados para comp\u00f4r as Mostras Competitivas.<\/p>\n<p>&nbsp;<\/p>\n<p>Conhe\u00e7a os Selecionados:<\/p>\n<p>&nbsp;<\/p>\n<p><strong>MOSTRA NACIONAL DE TV\u00a0<\/strong><\/p>\n<p><strong>&#8220;Invisibilidade&#8221;<\/strong> de T\u00falio de Melo. Fic\u00e7\u00e3o, 20 minutos, Cor, 2024, Tocantis &#8211; Palmas.<\/p>\n<p>&nbsp;<\/p>\n<p><strong>MOSTRA NACIONAL DE PROJETOS MULTIPLATAFORMAS\u00a0<\/strong><\/p>\n<p><strong>&#8220;Um teto para tr\u00eas&#8221;<\/strong> de Eric Magda. Fic\u00e7\u00e3o, 11 minutos, Cor, 2024, Fortaleza &#8211; Cear\u00e1.<\/p>\n<p>&nbsp;<\/p>\n<p><strong>MOSTRA NACIONAL DE CURTAS\u00a0<\/strong><\/p>\n<p><strong>&#8220;Lacraia vai Tremer&#8221;<\/strong> de L\u00e1 Baiano. Fic\u00e7\u00e3o, 13 minutos, Cor, 2024, Vila Velha &#8211; ES.<\/p>\n<p><strong>&#8220;N\u00e3o somos mais o que \u00e9ramos&#8221;<\/strong> de Patr\u00edcia S\u00e1. Fic\u00e7\u00e3o, 20 minutos, Cor, 2021, S\u00e3o Paulo &#8211; SP.<\/p>\n<p><strong>&#8220;P\u00e1ssaro Mem\u00f3ria&#8221;<\/strong> de Leonardo Martinelli. Fic\u00e7\u00e3o, 15 minutos, Cor, 2023, Rio de Janeiro &#8211; RJ.<\/p>\n<p><strong>&#8220;Ordena\u00e7\u00e3o&#8221;<\/strong> de Rai Diniz. Fic\u00e7\u00e3o, 8 minutos, Cor, 2024. Campina Grande &#8211; PB.<\/p>\n<p><strong>&#8220;Ordem das Magn\u00f3lias&#8221;<\/strong> de Rafaela Sousa. Fic\u00e7\u00e3o, 8 minutos, Cor, 2022. Fortaleza &#8211; CE.<\/p>\n<p><strong>&#8220;Cec\u00edlia&#8221;<\/strong> de Sofia Werlang. Fic\u00e7\u00e3o, 13 minutos, Cor, 2023. Rio de Janeiro &#8211; RJ.<\/p>\n<p><strong>&#8220;Remendo&#8221;<\/strong> de GG FAKOLADE. Fic\u00e7\u00e3o, 20 minutos, Cor, 2023. Vila Velha &#8211; ES.<\/p>\n<p>&nbsp;<\/p>\n<p>O FECIM acontecer\u00e1 nos dias 18, 19 e 20 de outubro na Pra\u00e7a S\u00e3o Jo\u00e3o Batista em Muqui e poder\u00e1 ser acompanhado online atrav\u00e9s do canal do evento no Youtube. <a href=\"https:\/\/www.youtube.com\/@fecim_festival\">Clique aqui<\/a>.<\/p>\n<p>&nbsp;<\/p>\n<p>&nbsp;<\/p>\n<p>&nbsp;<\/p>\n","protected":false},"excerpt":{"rendered":"<p>O FECIM recebeu 65 filmes vindos de todas as partes do Brasil. Ap\u00f3s a an\u00e1lise da organiza\u00e7\u00e3o o Festival anuncia os filmes selecionados para comp\u00f4r as Mostras Competitivas. &nbsp; Conhe\u00e7a os Selecionados: &nbsp; MOSTRA NACIONAL DE TV\u00a0 &#8220;Invisibilidade&#8221; de T\u00falio de Melo. Fic\u00e7\u00e3o, 20 minutos, Cor, 2024, Tocantis &#8211; Palmas. &nbsp; MOSTRA NACIONAL DE PROJETOS [&hellip;]<\/p>\n","protected":false},"author":2,"featured_media":1301,"comment_status":"closed","ping_status":"closed","sticky":false,"template":"","format":"standard","meta":{"_acf_changed":false,"footnotes":""},"categories":[34],"tags":[35,20],"class_list":["post-1322","post","type-post","status-publish","format-standard","has-post-thumbnail","hentry","category-fecim-2024","tag-fecim2024","tag-muqui"],"acf":[],"_links":{"self":[{"href":"https:\/\/fecim.com.br\/2024\/wp-json\/wp\/v2\/posts\/1322","targetHints":{"allow":["GET"]}}],"collection":[{"href":"https:\/\/fecim.com.br\/2024\/wp-json\/wp\/v2\/posts"}],"about":[{"href":"https:\/\/fecim.com.br\/2024\/wp-json\/wp\/v2\/types\/post"}],"author":[{"embeddable":true,"href":"https:\/\/fecim.com.br\/2024\/wp-json\/wp\/v2\/users\/2"}],"replies":[{"embeddable":true,"href":"https:\/\/fecim.com.br\/2024\/wp-json\/wp\/v2\/comments?post=1322"}],"version-history":[{"count":4,"href":"https:\/\/fecim.com.br\/2024\/wp-json\/wp\/v2\/posts\/1322\/revisions"}],"predecessor-version":[{"id":1326,"href":"https:\/\/fecim.com.br\/2024\/wp-json\/wp\/v2\/posts\/1322\/revisions\/1326"}],"wp:featuredmedia":[{"embeddable":true,"href":"https:\/\/fecim.com.br\/2024\/wp-json\/wp\/v2\/media\/1301"}],"wp:attachment":[{"href":"https:\/\/fecim.com.br\/2024\/wp-json\/wp\/v2\/media?parent=1322"}],"wp:term":[{"taxonomy":"category","embeddable":true,"href":"https:\/\/fecim.com.br\/2024\/wp-json\/wp\/v2\/categories?post=1322"},{"taxonomy":"post_tag","embeddable":true,"href":"https:\/\/fecim.com.br\/2024\/wp-json\/wp\/v2\/tags?post=1322"}],"curies":[{"name":"wp","href":"https:\/\/api.w.org\/{rel}","templated":true}]}}