{"id":1277,"date":"2023-11-18T17:42:15","date_gmt":"2023-11-18T20:42:15","guid":{"rendered":"https:\/\/fecim.com.br\/e2023\/?p=1277"},"modified":"2024-06-30T17:55:57","modified_gmt":"2024-06-30T20:55:57","slug":"fecim-promove-baile-da-melhor-idade-em-muqui","status":"publish","type":"post","link":"https:\/\/fecim.com.br\/2024\/fecim-promove-baile-da-melhor-idade-em-muqui\/","title":{"rendered":"FECIM promove Baile da Melhor Idade em Muqui"},"content":{"rendered":"<p>O FECIM se uniu \u00e0 Associa\u00e7\u00e3o da Terceira Idade de Muqui para uma a\u00e7\u00e3o inovadora: unir o cinema e o tradicional &#8220;baile da terceira idade&#8221;. A iniciativa visa ampliar o acesso ao audiovisual e atrair os olhares para os idosos.<\/p>\n<p>O Baile, que re\u00fane pessoas dos Munic\u00edpios da Regi\u00e3o Sul Capixaba dos Vales e Caf\u00e9, \u00e9 um atrativo regional importante para o interc\u00e2mbio intergeracional. Segundo Jussan Silva e Silva, Idealizador do FECIM, a proposta \u00e9 fortalecer iniciativas em prol do Turismo.<\/p>\n<p>&#8220;Nossa Regi\u00e3o Tur\u00edstica possui mais de 200 mil pessoas. Estamos trabalhando para impulsionar esse fluxo interno de turistas, pois acreditamos que \u00e9 a grande chave para destacar os destinos e as economias dos Munic\u00edpios. Eventos consolidados ocupam meios de hospedagem, agregam valor ao S\u00edtio Hist\u00f3rico, contratam prestadores de servi\u00e7os e movimentam o cen\u00e1rio socio cultural. Turismo tamb\u00e9m \u00e9 mudan\u00e7a de h\u00e1bitos, e cria\u00e7\u00e3o de novas oportunidades&#8221;. finaliza.<\/p>\n<p>O Fecim \u00e9 uma realiza\u00e7\u00e3o da Inst\u00e2ncia de Governan\u00e7a Regi\u00e3o Sul Capixaba dos Vales e Caf\u00e9, e tem apoio da Secretaria do Turismo (Setur), por meio do Edital de Eventos 2023.<\/p>\n<p>Confira a programa\u00e7\u00e3o:<\/p>\n<p><img loading=\"lazy\" decoding=\"async\" class=\"img-fluid aligncenter wp-image-1283 size-large\" src=\"http:\/\/fecim.com.br\/wp-content\/uploads\/2023\/11\/WhatsApp-Image-2023-11-16-at-16.34.35-576x1024.jpeg\" alt=\"\" width=\"576\" height=\"1024\" srcset=\"https:\/\/fecim.com.br\/2024\/wp-content\/uploads\/2023\/11\/WhatsApp-Image-2023-11-16-at-16.34.35-576x1024.jpeg 576w, https:\/\/fecim.com.br\/2024\/wp-content\/uploads\/2023\/11\/WhatsApp-Image-2023-11-16-at-16.34.35-169x300.jpeg 169w, https:\/\/fecim.com.br\/2024\/wp-content\/uploads\/2023\/11\/WhatsApp-Image-2023-11-16-at-16.34.35.jpeg 720w\" sizes=\"auto, (max-width: 576px) 100vw, 576px\" \/> <img loading=\"lazy\" decoding=\"async\" class=\"img-fluid aligncenter wp-image-1284 size-large\" src=\"http:\/\/fecim.com.br\/wp-content\/uploads\/2023\/11\/Atracoes-confirmadas-Story_03-576x1024.png\" alt=\"\" width=\"576\" height=\"1024\" srcset=\"https:\/\/fecim.com.br\/2024\/wp-content\/uploads\/2023\/11\/Atracoes-confirmadas-Story_03-576x1024.png 576w, https:\/\/fecim.com.br\/2024\/wp-content\/uploads\/2023\/11\/Atracoes-confirmadas-Story_03-169x300.png 169w, https:\/\/fecim.com.br\/2024\/wp-content\/uploads\/2023\/11\/Atracoes-confirmadas-Story_03-768x1365.png 768w, https:\/\/fecim.com.br\/2024\/wp-content\/uploads\/2023\/11\/Atracoes-confirmadas-Story_03-864x1536.png 864w, https:\/\/fecim.com.br\/2024\/wp-content\/uploads\/2023\/11\/Atracoes-confirmadas-Story_03.png 1080w\" sizes=\"auto, (max-width: 576px) 100vw, 576px\" \/> <img loading=\"lazy\" decoding=\"async\" class=\"img-fluid aligncenter wp-image-1285 size-large\" src=\"http:\/\/fecim.com.br\/wp-content\/uploads\/2023\/11\/Atracoes-confirmadas-Story_04-576x1024.png\" alt=\"\" width=\"576\" height=\"1024\" srcset=\"https:\/\/fecim.com.br\/2024\/wp-content\/uploads\/2023\/11\/Atracoes-confirmadas-Story_04-576x1024.png 576w, https:\/\/fecim.com.br\/2024\/wp-content\/uploads\/2023\/11\/Atracoes-confirmadas-Story_04-169x300.png 169w, https:\/\/fecim.com.br\/2024\/wp-content\/uploads\/2023\/11\/Atracoes-confirmadas-Story_04-768x1365.png 768w, https:\/\/fecim.com.br\/2024\/wp-content\/uploads\/2023\/11\/Atracoes-confirmadas-Story_04-864x1536.png 864w, https:\/\/fecim.com.br\/2024\/wp-content\/uploads\/2023\/11\/Atracoes-confirmadas-Story_04.png 1080w\" sizes=\"auto, (max-width: 576px) 100vw, 576px\" \/><\/p>\n","protected":false},"excerpt":{"rendered":"<p>O FECIM se uniu \u00e0 Associa\u00e7\u00e3o da Terceira Idade de Muqui para uma a\u00e7\u00e3o inovadora: unir o cinema e o tradicional &#8220;baile da terceira idade&#8221;. A iniciativa visa ampliar o acesso ao audiovisual e atrair os olhares para os idosos. O Baile, que re\u00fane pessoas dos Munic\u00edpios da Regi\u00e3o Sul Capixaba dos Vales e Caf\u00e9, [&hellip;]<\/p>\n","protected":false},"author":2,"featured_media":1280,"comment_status":"closed","ping_status":"closed","sticky":false,"template":"","format":"standard","meta":{"_acf_changed":false,"footnotes":""},"categories":[29],"tags":[],"class_list":["post-1277","post","type-post","status-publish","format-standard","has-post-thumbnail","hentry","category-fecim-2023"],"acf":[],"_links":{"self":[{"href":"https:\/\/fecim.com.br\/2024\/wp-json\/wp\/v2\/posts\/1277","targetHints":{"allow":["GET"]}}],"collection":[{"href":"https:\/\/fecim.com.br\/2024\/wp-json\/wp\/v2\/posts"}],"about":[{"href":"https:\/\/fecim.com.br\/2024\/wp-json\/wp\/v2\/types\/post"}],"author":[{"embeddable":true,"href":"https:\/\/fecim.com.br\/2024\/wp-json\/wp\/v2\/users\/2"}],"replies":[{"embeddable":true,"href":"https:\/\/fecim.com.br\/2024\/wp-json\/wp\/v2\/comments?post=1277"}],"version-history":[{"count":9,"href":"https:\/\/fecim.com.br\/2024\/wp-json\/wp\/v2\/posts\/1277\/revisions"}],"predecessor-version":[{"id":1300,"href":"https:\/\/fecim.com.br\/2024\/wp-json\/wp\/v2\/posts\/1277\/revisions\/1300"}],"wp:featuredmedia":[{"embeddable":true,"href":"https:\/\/fecim.com.br\/2024\/wp-json\/wp\/v2\/media\/1280"}],"wp:attachment":[{"href":"https:\/\/fecim.com.br\/2024\/wp-json\/wp\/v2\/media?parent=1277"}],"wp:term":[{"taxonomy":"category","embeddable":true,"href":"https:\/\/fecim.com.br\/2024\/wp-json\/wp\/v2\/categories?post=1277"},{"taxonomy":"post_tag","embeddable":true,"href":"https:\/\/fecim.com.br\/2024\/wp-json\/wp\/v2\/tags?post=1277"}],"curies":[{"name":"wp","href":"https:\/\/api.w.org\/{rel}","templated":true}]}}