{"id":1054,"date":"2022-09-07T00:00:00","date_gmt":"2022-09-07T03:00:00","guid":{"rendered":"http:\/\/fecim.com.br\/2023\/403-2\/"},"modified":"2023-10-22T17:42:28","modified_gmt":"2023-10-22T20:42:28","slug":"403-2","status":"publish","type":"post","link":"https:\/\/fecim.com.br\/2024\/403-2\/","title":{"rendered":"FECIM 2022"},"content":{"rendered":"<p>Nos dias 11, 12, 13 e 14 de novembro a gente tem um encontro marcado no Morr\u00e3o.<\/p>\n<p>O cora\u00e7\u00e3o at\u00e9 bate mais forte s\u00f3 de imaginar viver tudo isso de novo, melhor edi\u00e7\u00e3o de todos os tempos! \u200b<\/p>\n<p>\u00c9 aquela hist\u00f3ria, s\u00f3 quem viveu sabe&#8230; E este ano, voc\u00ea \u00e9 nosso convidado pra viver toda essa emo\u00e7\u00e3o.<\/p>\n<p><em>O FECIM &#8211; Festival de TV e Cinema de Muqui ser\u00e1 realizado em formato h\u00edbrido \u2013 palco presencial e com transmiss\u00e3o online pelo nosso <a href=\"https:\/\/www.youtube.com\/channel\/UCLuZ5n5YTE4kTLygd48Ox7A\">canal no YouTube<\/a>, a edi\u00e7\u00e3o deste ano ser\u00e1 realizada entre os dias 11 e 14 de novembro, no Morr\u00e3o!<\/em><\/p>\n","protected":false},"excerpt":{"rendered":"<p>Nos dias 11, 12, 13 e 14 de novembro a gente tem um encontro marcado no Morr\u00e3o. O cora\u00e7\u00e3o at\u00e9 bate mais forte s\u00f3 de imaginar viver tudo isso de novo, melhor edi\u00e7\u00e3o de todos os tempos! \u200b \u00c9 aquela hist\u00f3ria, s\u00f3 quem viveu sabe&#8230; E este ano, voc\u00ea \u00e9 nosso convidado pra viver toda [&hellip;]<\/p>\n","protected":false},"author":1,"featured_media":1234,"comment_status":"closed","ping_status":"closed","sticky":false,"template":"","format":"standard","meta":{"_acf_changed":false,"footnotes":""},"categories":[24],"tags":[],"class_list":["post-1054","post","type-post","status-publish","format-standard","has-post-thumbnail","hentry","category-fecim-2022"],"acf":[],"_links":{"self":[{"href":"https:\/\/fecim.com.br\/2024\/wp-json\/wp\/v2\/posts\/1054","targetHints":{"allow":["GET"]}}],"collection":[{"href":"https:\/\/fecim.com.br\/2024\/wp-json\/wp\/v2\/posts"}],"about":[{"href":"https:\/\/fecim.com.br\/2024\/wp-json\/wp\/v2\/types\/post"}],"author":[{"embeddable":true,"href":"https:\/\/fecim.com.br\/2024\/wp-json\/wp\/v2\/users\/1"}],"replies":[{"embeddable":true,"href":"https:\/\/fecim.com.br\/2024\/wp-json\/wp\/v2\/comments?post=1054"}],"version-history":[{"count":1,"href":"https:\/\/fecim.com.br\/2024\/wp-json\/wp\/v2\/posts\/1054\/revisions"}],"predecessor-version":[{"id":1235,"href":"https:\/\/fecim.com.br\/2024\/wp-json\/wp\/v2\/posts\/1054\/revisions\/1235"}],"wp:featuredmedia":[{"embeddable":true,"href":"https:\/\/fecim.com.br\/2024\/wp-json\/wp\/v2\/media\/1234"}],"wp:attachment":[{"href":"https:\/\/fecim.com.br\/2024\/wp-json\/wp\/v2\/media?parent=1054"}],"wp:term":[{"taxonomy":"category","embeddable":true,"href":"https:\/\/fecim.com.br\/2024\/wp-json\/wp\/v2\/categories?post=1054"},{"taxonomy":"post_tag","embeddable":true,"href":"https:\/\/fecim.com.br\/2024\/wp-json\/wp\/v2\/tags?post=1054"}],"curies":[{"name":"wp","href":"https:\/\/api.w.org\/{rel}","templated":true}]}}