{"id":1053,"date":"2022-08-08T00:00:00","date_gmt":"2022-08-08T03:00:00","guid":{"rendered":"http:\/\/fecim.com.br\/2023\/cursos-de-animacao-digital\/"},"modified":"2023-10-22T17:43:11","modified_gmt":"2023-10-22T20:43:11","slug":"cursos-de-animacao-digital","status":"publish","type":"post","link":"https:\/\/fecim.com.br\/2024\/cursos-de-animacao-digital\/","title":{"rendered":"Jornada Capixaba de Anima\u00e7\u00e3o"},"content":{"rendered":"<p>O Capixanima &#8211; Jornada Capixaba de Anima\u00e7\u00e3o vai realizar a sua primeira edi\u00e7\u00e3o nos dias 20 e 21 de agosto totalmente online e gratuito com o objetivo de ser acess\u00edvel para diversos p\u00fablicos e de diferentes locais do Esp\u00edrito Santo.<\/p>\n<p>A programa\u00e7\u00e3o conta com palestra, mesas de debate e cursos e \u00e9 voltado para profissionais, estudantes e interessados no setor de anima\u00e7\u00e3o, inclusive para aqueles que n\u00e3o possuem experi\u00eancia na \u00e1rea. Os convidados para ministrar os cursos s\u00e3o profissionais renomados e refer\u00eancia na \u00e1rea no estado.<\/p>\n<p>O foco da Capixanima s\u00e3o atividades de forma\u00e7\u00e3o sobre os processos criativos da anima\u00e7\u00e3o para o cinema, passando pelas \u00e1reas de roteiro, produ\u00e7\u00e3o e cria\u00e7\u00e3o. O destaque da programa\u00e7\u00e3o s\u00e3o dois cursos que ser\u00e3o oferecidos no domingo (21).<\/p>\n<p>O primeiro curso <strong>\u201cIntrodu\u00e7\u00e3o \u00e0 anima\u00e7\u00e3o digital\u201d<\/strong> revela os bastidores de um projeto animado. Atrav\u00e9s de conceitos de design que geram interesse visual e personalidade para o projeto, o objetivo \u00e9 criar um personagem e dar vida a ele atrav\u00e9s da anima\u00e7\u00e3o digital. O curso ser\u00e1 ministrado por Rayan Fabri Casagrande (Designer e Ilustrador &#8211; Comboio Est\u00fadio &#8211; ES) e Vinicius Caus (Designer e Editor &#8211; Comboio Est\u00fadio &#8211; ES)<\/p>\n<p>O segundo curso<strong> \u201cB\u00edblia de Anima\u00e7\u00e3o: tudo que o seu projeto precisa ter!\u201d<\/strong> vai mostrar os caminhos para desenvolver uma anima\u00e7\u00e3o, atrav\u00e9s da constru\u00e7\u00e3o de uma b\u00edblia para este projeto. Por meio de uma experi\u00eancia imersiva, o curso vai propor diversos m\u00e9todos para cria\u00e7\u00e3o de um projeto, desde a elabora\u00e7\u00e3o, capta\u00e7\u00e3o<br \/>\nde recursos e at\u00e9 a sua finaliza\u00e7\u00e3o. O curso ser\u00e1 ministrado por Josiane Reis (Roteirista e Diretora &#8211; LUZ Produ\u00e7\u00f5es &#8211; ES)<\/p>\n<p>Para a produtora e idealizadora da Jornada, Ana Luiza de Oliveira, o Capixanima pretende atender a uma demanda de profissionais e de estudantes que encontram pouca ou nenhuma forma\u00e7\u00e3o nessa \u00e1rea no Esp\u00edrito Santo.<\/p>\n<p>A programa\u00e7\u00e3o \u00e9 focada em levar conhecimento t\u00e9cnico sobre a anima\u00e7\u00e3o, disponibilizando informa\u00e7\u00f5es, experi\u00eancias e conte\u00fados que possam vir a incentivar e inspirar futuros projetos. \u201cNosso objetivo \u00e9 enriquecer repert\u00f3rios e ideias em constru\u00e7\u00e3o dos realizadores e realizadoras que estar\u00e3o participando desta primeira<br \/>\nedi\u00e7\u00e3o e assim contribuir para o fomento da produ\u00e7\u00e3o de anima\u00e7\u00f5es capixabas, que tem muito potencial\u201d.<\/p>\n<p><em>A Jornada Capixaba de Anima\u00e7\u00e3o conta com apoio do FECIM &#8211; Festival de TV e Cinema de Muqui e da Secult-ES, por meio de recursos do Funcultura.<\/em><\/p>\n<p>Acompanhe as redes sociais da jornada:<br \/>\nhttps:\/\/www.instagram.com\/capixanima\/<br \/>\nhttps:\/\/www.facebook.com\/capixanima<\/p>\n<p>&nbsp;<\/p>\n<p><img loading=\"lazy\" decoding=\"async\" class=\"aligncenter size-medium wp-image-385\" src=\"https:\/\/fecim.com.br\/2023\/wp-content\/uploads\/2022\/08\/capixanima_post_fecim-2-1-300x300.png\" alt=\"\" width=\"300\" height=\"300\" \/><\/p>\n","protected":false},"excerpt":{"rendered":"<p>O Capixanima &#8211; Jornada Capixaba de Anima\u00e7\u00e3o vai realizar a sua primeira edi\u00e7\u00e3o nos dias 20 e 21 de agosto totalmente online e gratuito com o objetivo de ser acess\u00edvel para diversos p\u00fablicos e de diferentes locais do Esp\u00edrito Santo. A programa\u00e7\u00e3o conta com palestra, mesas de debate e cursos e \u00e9 voltado para profissionais, [&hellip;]<\/p>\n","protected":false},"author":1,"featured_media":1236,"comment_status":"closed","ping_status":"closed","sticky":false,"template":"","format":"standard","meta":{"_acf_changed":false,"footnotes":""},"categories":[27],"tags":[],"class_list":["post-1053","post","type-post","status-publish","format-standard","has-post-thumbnail","hentry","category-parceria"],"acf":[],"_links":{"self":[{"href":"https:\/\/fecim.com.br\/2024\/wp-json\/wp\/v2\/posts\/1053","targetHints":{"allow":["GET"]}}],"collection":[{"href":"https:\/\/fecim.com.br\/2024\/wp-json\/wp\/v2\/posts"}],"about":[{"href":"https:\/\/fecim.com.br\/2024\/wp-json\/wp\/v2\/types\/post"}],"author":[{"embeddable":true,"href":"https:\/\/fecim.com.br\/2024\/wp-json\/wp\/v2\/users\/1"}],"replies":[{"embeddable":true,"href":"https:\/\/fecim.com.br\/2024\/wp-json\/wp\/v2\/comments?post=1053"}],"version-history":[{"count":1,"href":"https:\/\/fecim.com.br\/2024\/wp-json\/wp\/v2\/posts\/1053\/revisions"}],"predecessor-version":[{"id":1237,"href":"https:\/\/fecim.com.br\/2024\/wp-json\/wp\/v2\/posts\/1053\/revisions\/1237"}],"wp:featuredmedia":[{"embeddable":true,"href":"https:\/\/fecim.com.br\/2024\/wp-json\/wp\/v2\/media\/1236"}],"wp:attachment":[{"href":"https:\/\/fecim.com.br\/2024\/wp-json\/wp\/v2\/media?parent=1053"}],"wp:term":[{"taxonomy":"category","embeddable":true,"href":"https:\/\/fecim.com.br\/2024\/wp-json\/wp\/v2\/categories?post=1053"},{"taxonomy":"post_tag","embeddable":true,"href":"https:\/\/fecim.com.br\/2024\/wp-json\/wp\/v2\/tags?post=1053"}],"curies":[{"name":"wp","href":"https:\/\/api.w.org\/{rel}","templated":true}]}}