{"id":1046,"date":"2020-10-02T00:00:00","date_gmt":"2020-10-02T03:00:00","guid":{"rendered":"http:\/\/fecim.com.br\/2023\/9o-fecim-divulgara-filmes-selecionados-no-dia-12-de-outubro\/"},"modified":"2020-10-02T00:00:00","modified_gmt":"2020-10-02T03:00:00","slug":"9o-fecim-divulgara-filmes-selecionados-no-dia-12-de-outubro","status":"publish","type":"post","link":"https:\/\/fecim.com.br\/2024\/9o-fecim-divulgara-filmes-selecionados-no-dia-12-de-outubro\/","title":{"rendered":"9\u00ba FECIM divulgar\u00e1 filmes selecionados no dia 12 de outubro"},"content":{"rendered":"<p>O Festival de TV e Cinema de Muqui, que em 2020 ser\u00e1 online e distribu\u00eddo pelo\u00a0<a href=\"https:\/\/www.youtube.com\/channel\/UCLuZ5n5YTE4kTLygd48Ox7A\" target=\"_blank\" rel=\"noreferrer noopener\" data-type=\"URL\" data-id=\"https:\/\/www.youtube.com\/channel\/UCLuZ5n5YTE4kTLygd48Ox7A\">Youtube<\/a>, lan\u00e7ar\u00e1 sua lista de filmes selecionados para as Mostras Competitivas no dia 12 de outubro. A data foi redefinida pela produ\u00e7\u00e3o em virtude das mudan\u00e7as do cronograma. O\u00a0<a href=\"http:\/\/fecim.com.br\/2023\/2020\/10\/03\/9o-fecim-divulgara-filmes-selecionados-no-dia-12-de-outubro\/#FECIM2020\" target=\"_blank\" rel=\"noreferrer noopener\">#FECIM2020<\/a>\u00a0recebeu 304 filmes de todas as partes do Brasil e est\u00e1 desenvolvendo uma janela de exibi\u00e7\u00e3o criativa e que dialogue com a diversidade audiovisual do pa\u00eds.<\/p>\n<p>O tema da edi\u00e7\u00e3o 2020 \u00e9 \u201cA\u00e7\u00e3o!\u201d e a Curadoria do Festival \u00e9 composta por Leandra Moreira e Christiane Brito.<\/p>\n<figure class=\"wp-block-image size-large\"><img loading=\"lazy\" decoding=\"async\" class=\"wp-image-808\" src=\"http:\/\/fecim.com.br\/2023\/wp-content\/uploads\/2020\/10\/fecim-interior-capa-1030x1030.jpg\" sizes=\"auto, (max-width: 1030px) 100vw, 1030px\" srcset=\"http:\/\/fecim.com.br\/2023\/wp-content\/uploads\/2020\/10\/fecim-interior-capa-1030x1030.jpg 1030w, http:\/\/fecim.com.br\/2023\/wp-content\/uploads\/2020\/10\/fecim-interior-capa-300x300.jpg 300w, http:\/\/fecim.com.br\/2023\/wp-content\/uploads\/2020\/10\/fecim-interior-capa-80x80.jpg 80w, http:\/\/fecim.com.br\/2023\/wp-content\/uploads\/2020\/10\/fecim-interior-capa-768x768.jpg 768w, http:\/\/fecim.com.br\/2023\/wp-content\/uploads\/2020\/10\/fecim-interior-capa-36x36.jpg 36w, http:\/\/fecim.com.br\/2023\/wp-content\/uploads\/2020\/10\/fecim-interior-capa-180x180.jpg 180w, http:\/\/fecim.com.br\/2023\/wp-content\/uploads\/2020\/10\/fecim-interior-capa-705x705.jpg 705w, http:\/\/fecim.com.br\/2023\/wp-content\/uploads\/2020\/10\/fecim-interior-capa.jpg 1080w\" alt=\"\" width=\"1030\" height=\"1030\" \/><figcaption>Filmes nacionais ser\u00e3o revelados no dia 12 de outubro<\/figcaption><\/figure>\n<p>Outra informa\u00e7\u00e3o importante \u00e9 que a programa\u00e7\u00e3o do 9\u00ba FECIM ser\u00e1 revelada no mesmo dia. Com tr\u00eas dias de conte\u00fado, o Festival homenagear\u00e1 tr\u00eas artistas nacionais. As homenagens est\u00e3o diretamente ligadas ao panorama sociopol\u00edtico e ambiental brasileiro e refletem a realidade de Muqui em seus desafios hist\u00f3ricos.<\/p>\n<p>A escolha do\u00a0<a href=\"https:\/\/www.youtube.com\/channel\/UCLuZ5n5YTE4kTLygd48Ox7A\" target=\"_blank\" rel=\"noreferrer noopener\" data-type=\"URL\" data-id=\"https:\/\/www.youtube.com\/channel\/UCLuZ5n5YTE4kTLygd48Ox7A\">Youtube<\/a>\u00a0como plataforma se deu a partir da necessidade de popularizar o cinema no interior. O FECIM \u00e9 o \u00fanico Festival de Cinema do Sul do ES e foi selecionado pelo Edital de Chamamento 002\/2020 da Secretaria de Estado da Cultura. A produ\u00e7\u00e3o do evento \u00e9 da Associa\u00e7\u00e3o Comercial e Empresarial de Muqui, da Puri Produ\u00e7\u00f5es e da Vales e Caf\u00e9 Convention &amp; Visitors Bureau.<\/p>\n<p>Assinam a cria\u00e7\u00e3o:<\/p>\n<p>Roteiro \u2013 Jussan Silva e Silva<\/p>\n<p>Dire\u00e7\u00e3o de TV \u2013 Ant\u00f4nio Cezar Martins<\/p>\n<p>Produ\u00e7\u00e3o \u2013 Sullivan Silva<\/p>\n","protected":false},"excerpt":{"rendered":"<p>O Festival de TV e Cinema de Muqui, que em 2020 ser\u00e1 online e distribu\u00eddo pelo\u00a0Youtube, lan\u00e7ar\u00e1 sua lista de filmes selecionados para as Mostras Competitivas no dia 12 de outubro. A data foi redefinida pela produ\u00e7\u00e3o em virtude das mudan\u00e7as do cronograma. O\u00a0#FECIM2020\u00a0recebeu 304 filmes de todas as partes do Brasil e est\u00e1 desenvolvendo [&hellip;]<\/p>\n","protected":false},"author":1,"featured_media":0,"comment_status":"open","ping_status":"open","sticky":false,"template":"","format":"standard","meta":{"_acf_changed":false,"footnotes":""},"categories":[1],"tags":[],"class_list":["post-1046","post","type-post","status-publish","format-standard","hentry","category-sem-categoria"],"acf":[],"_links":{"self":[{"href":"https:\/\/fecim.com.br\/2024\/wp-json\/wp\/v2\/posts\/1046","targetHints":{"allow":["GET"]}}],"collection":[{"href":"https:\/\/fecim.com.br\/2024\/wp-json\/wp\/v2\/posts"}],"about":[{"href":"https:\/\/fecim.com.br\/2024\/wp-json\/wp\/v2\/types\/post"}],"author":[{"embeddable":true,"href":"https:\/\/fecim.com.br\/2024\/wp-json\/wp\/v2\/users\/1"}],"replies":[{"embeddable":true,"href":"https:\/\/fecim.com.br\/2024\/wp-json\/wp\/v2\/comments?post=1046"}],"version-history":[{"count":0,"href":"https:\/\/fecim.com.br\/2024\/wp-json\/wp\/v2\/posts\/1046\/revisions"}],"wp:attachment":[{"href":"https:\/\/fecim.com.br\/2024\/wp-json\/wp\/v2\/media?parent=1046"}],"wp:term":[{"taxonomy":"category","embeddable":true,"href":"https:\/\/fecim.com.br\/2024\/wp-json\/wp\/v2\/categories?post=1046"},{"taxonomy":"post_tag","embeddable":true,"href":"https:\/\/fecim.com.br\/2024\/wp-json\/wp\/v2\/tags?post=1046"}],"curies":[{"name":"wp","href":"https:\/\/api.w.org\/{rel}","templated":true}]}}