{"id":1045,"date":"2020-10-18T00:00:00","date_gmt":"2020-10-18T03:00:00","guid":{"rendered":"http:\/\/fecim.com.br\/2023\/fecim-anuncia-40-filmes-para-a-9a-edicao\/"},"modified":"2020-10-18T00:00:00","modified_gmt":"2020-10-18T03:00:00","slug":"fecim-anuncia-40-filmes-para-a-9a-edicao","status":"publish","type":"post","link":"https:\/\/fecim.com.br\/2024\/fecim-anuncia-40-filmes-para-a-9a-edicao\/","title":{"rendered":"FECIM anuncia 40 filmes para a 9\u00aa edi\u00e7\u00e3o"},"content":{"rendered":"<p>A produ\u00e7\u00e3o do Festival de TV e Cinema de Muqui anuncia as 40 obras audiovisuais que far\u00e3o parte da programa\u00e7\u00e3o da 9\u00aa edi\u00e7\u00e3o. A Curadoria composta por Leandra Moreira e Christiane Brito se debru\u00e7aram em mais de 304 filmes vindos de todas as partes do Brasil. \u201c\u00c9 importante destacar que haviam muitos filmes interessantes. A sele\u00e7\u00e3o foi bem dif\u00edcil. Procuramos garantir uma maior diversidade de locais, origem, g\u00eanero, conte\u00fado e est\u00e9tica. Certamente o Fecim trouxe um belo panorama das realiza\u00e7\u00f5es\u00a0audiovisuais brasileiras\u201d, destaca Leandra.<\/p>\n<p>Vejamos os filmes selecionados:<\/p>\n<figure class=\"wp-block-image size-large\"><img loading=\"lazy\" decoding=\"async\" class=\"wp-image-828\" src=\"http:\/\/fecim.com.br\/2023\/wp-content\/uploads\/2020\/10\/web-1030x1030.png\" sizes=\"auto, (max-width: 1030px) 100vw, 1030px\" srcset=\"http:\/\/fecim.com.br\/2023\/wp-content\/uploads\/2020\/10\/web-1030x1030.png 1030w, http:\/\/fecim.com.br\/2023\/wp-content\/uploads\/2020\/10\/web-300x300.png 300w, http:\/\/fecim.com.br\/2023\/wp-content\/uploads\/2020\/10\/web-80x80.png 80w, http:\/\/fecim.com.br\/2023\/wp-content\/uploads\/2020\/10\/web-768x768.png 768w, http:\/\/fecim.com.br\/2023\/wp-content\/uploads\/2020\/10\/web-36x36.png 36w, http:\/\/fecim.com.br\/2023\/wp-content\/uploads\/2020\/10\/web-180x180.png 180w, http:\/\/fecim.com.br\/2023\/wp-content\/uploads\/2020\/10\/web-705x705.png 705w, http:\/\/fecim.com.br\/2023\/wp-content\/uploads\/2020\/10\/web.png 1080w\" alt=\"\" width=\"1030\" height=\"1030\" \/><\/figure>\n<p><strong>Garbo \u2013 19:56\u2033 \u2013 Pelotas\/Rio Grande do Sul<\/strong><\/p>\n<p>Fic\u00e7\u00e3o<\/p>\n<p>Dire\u00e7\u00e3o:Mateus Armas e Mar\u00edlia Mortican<\/p>\n<p><strong>Sem Pressa \u2013 20:00\u2033 \u2013 S\u00e3o Paulo\/SP<\/strong><\/p>\n<p>Fic\u00e7\u00e3o<\/p>\n<p>Dire\u00e7\u00e3o: Ricardo Teodoro<\/p>\n<p><strong>A Morte em c\u00e9dulas: a desigualdade social na morte \u2013 6:14\u201d \u2013 Vit\u00f3ria\/ES<\/strong><\/p>\n<p>Reportagem Especial<\/p>\n<p>Dire\u00e7\u00e3o: Lara Mireny<\/p>\n<p><strong>Invas\u00e3o Drag \u2013 13:00\u201d \u2013\u00a0 Rio de Janeiro\/RJ<\/strong><\/p>\n<p>Document\u00e1rio<\/p>\n<p>Dire\u00e7\u00e3o: Rafael Ribeiro<\/p>\n<p><strong>Sinal Fechado \u2013 6:00\u201d \u2013 S\u00e3o Luis\/Maranh\u00e3o<\/strong><\/p>\n<p>Videoclip<\/p>\n<p>Dire\u00e7\u00e3o: Get\u00falio Abelha e Lucas S\u00e1<\/p>\n<p><strong>Adsumus \u2013 6:15\u201d \u2013 Rio de Janeiro\/RJ<\/strong><\/p>\n<p>Fic\u00e7\u00e3o<\/p>\n<p>Dire\u00e7\u00e3o: K\u00e1ssia de Paula e Lucas Bomtempo<\/p>\n<figure class=\"wp-block-image size-large\"><img loading=\"lazy\" decoding=\"async\" class=\"wp-image-832\" src=\"http:\/\/fecim.com.br\/2023\/wp-content\/uploads\/2020\/10\/tv-1030x1030.png\" sizes=\"auto, (max-width: 1030px) 100vw, 1030px\" srcset=\"http:\/\/fecim.com.br\/2023\/wp-content\/uploads\/2020\/10\/tv-1030x1030.png 1030w, http:\/\/fecim.com.br\/2023\/wp-content\/uploads\/2020\/10\/tv-300x300.png 300w, http:\/\/fecim.com.br\/2023\/wp-content\/uploads\/2020\/10\/tv-80x80.png 80w, http:\/\/fecim.com.br\/2023\/wp-content\/uploads\/2020\/10\/tv-768x768.png 768w, http:\/\/fecim.com.br\/2023\/wp-content\/uploads\/2020\/10\/tv-36x36.png 36w, http:\/\/fecim.com.br\/2023\/wp-content\/uploads\/2020\/10\/tv-180x180.png 180w, http:\/\/fecim.com.br\/2023\/wp-content\/uploads\/2020\/10\/tv-705x705.png 705w, http:\/\/fecim.com.br\/2023\/wp-content\/uploads\/2020\/10\/tv.png 1080w\" alt=\"\" width=\"1030\" height=\"1030\" \/><\/figure>\n<p><strong>Tambor ou Bola \u2013 23:54\u201d \u2013 Macei\u00f3\/Alagoas<\/strong><\/p>\n<p>Document\u00e1rio<\/p>\n<p>Dire\u00e7\u00e3o: Sergio Onofre<\/p>\n<p><strong>Uma Noite de Crime \u2013 13:12\u2033 \u2013 Vit\u00f3ria\/ES<\/strong><\/p>\n<p>Fic\u00e7\u00e3o<\/p>\n<p>Dire\u00e7\u00e3o: Marcelo N. Reis<\/p>\n<p><strong>Guardaram Por N\u00f3s \u00a0\u2013 24:37\u201d \u2013 S\u00e3o Paulo\/SP<\/strong><\/p>\n<p>Document\u00e1rio<\/p>\n<p>Dire\u00e7\u00e3o: Catharina Bergo<\/p>\n<p><strong>Bom Dia Arqueologia: Arqueologia L\u00fadica \u2013 16:48\u201d \u2013 Monte Alegre\/Par\u00e1<\/strong><\/p>\n<p>Document\u00e1rio<\/p>\n<p>Dire\u00e7\u00e3o: Simone Mesquita<\/p>\n<p><strong>No Amor \u2013 26min \u2013 Rio de Janeiro\/RJ<\/strong><\/p>\n<p>Document\u00e1rio<\/p>\n<p>Dire\u00e7\u00e3o: Carlos Guilherme Vogel, D\u00ea Soares, Jo\u00e3o Ademir, Marcelo Engster<\/p>\n<p><strong>C\u00e2mera, t\u00e1 ok? \u2013 14:33\u201d \u2013 S\u00e3o Paulo\/SP<\/strong><\/p>\n<p>Document\u00e1rio Dire\u00e7\u00e3o: Nathalia Oliveira<\/p>\n<figure class=\"wp-block-image size-large\"><img loading=\"lazy\" decoding=\"async\" class=\"wp-image-833\" src=\"http:\/\/fecim.com.br\/2023\/wp-content\/uploads\/2020\/10\/curta-1030x1030.png\" sizes=\"auto, (max-width: 1030px) 100vw, 1030px\" srcset=\"http:\/\/fecim.com.br\/2023\/wp-content\/uploads\/2020\/10\/curta-1030x1030.png 1030w, http:\/\/fecim.com.br\/2023\/wp-content\/uploads\/2020\/10\/curta-300x300.png 300w, http:\/\/fecim.com.br\/2023\/wp-content\/uploads\/2020\/10\/curta-80x80.png 80w, http:\/\/fecim.com.br\/2023\/wp-content\/uploads\/2020\/10\/curta-768x768.png 768w, http:\/\/fecim.com.br\/2023\/wp-content\/uploads\/2020\/10\/curta-36x36.png 36w, http:\/\/fecim.com.br\/2023\/wp-content\/uploads\/2020\/10\/curta-180x180.png 180w, http:\/\/fecim.com.br\/2023\/wp-content\/uploads\/2020\/10\/curta-705x705.png 705w, http:\/\/fecim.com.br\/2023\/wp-content\/uploads\/2020\/10\/curta.png 1080w\" alt=\"\" width=\"1030\" height=\"1030\" \/><\/figure>\n<p><strong>O Caminho das \u00c1guas \u2013 9\u201d \u2013\u00a0<\/strong><strong>Taquaritinga do Norte\/Pernambuco<\/strong><\/p>\n<p>Experimental<\/p>\n<p>Dire\u00e7\u00e3o: Antonio Fargoni e Karla Ferreira<\/p>\n<p><strong>Tempor\u00e1ria \u2013\u00a0<\/strong><strong>11:50\u201d \u2013 S\u00e3o Carlos\/SP<\/strong><\/p>\n<p>Fic\u00e7\u00e3o<\/p>\n<p>Dire\u00e7\u00e3o: Maria Cristina Couto Melo<\/p>\n<p><strong>Rotina \u2013\u00a0<\/strong><strong>13:54 \u2013 Penedo\/Alagoas<\/strong><\/p>\n<p>Fic\u00e7\u00e3o<\/p>\n<p>Dire\u00e7\u00e3o: Vit\u00f3ria Regina e S\u00e9rgio Onofre<\/p>\n<p><strong>Supremacia da Fuma\u00e7a \u2013\u00a0<\/strong><strong>10:47\u201d \u2013 Vila Velha \u2013 ES<\/strong><\/p>\n<p>Fic\u00e7\u00e3o<\/p>\n<p>Dire\u00e7\u00e3o: Marcelo Mendes Gomes<\/p>\n<p><strong>Aperto \u2013 15\u201d \u2013\u00a0<\/strong><strong>S\u00e3o Jos\u00e9 do Rio Preto \u2013 SP<\/strong><\/p>\n<p>Fic\u00e7\u00e3o<\/p>\n<p>Dire\u00e7\u00e3o: Alexandre Estevanato<\/p>\n<p><strong>O Colecionador \u2013 15\u201d \u2013\u00a0<\/strong><strong>Niter\u00f3i \/ RJ<\/strong><\/p>\n<p>Document\u00e1rio<\/p>\n<p>Dire\u00e7\u00e3o: Christian Jafas, Felipe Davson, Tiago Bravo Quintes e Vin\u00edcius A. Carvalho<\/p>\n<p><strong>Em Quadro \u2013\u00a0<\/strong><strong>11:28\u201d \u2013 S\u00e3o Paulo\/SP<\/strong><\/p>\n<p>Fic\u00e7\u00e3o<\/p>\n<p>Dire\u00e7\u00e3o: Luiza Campos<\/p>\n<p><strong>Amanhecendo cicatrizes \u2013 15:00\u201d \u2013 Tr\u00eas Passos\/Rio Grande do Sul<\/strong><\/p>\n<p>Fic\u00e7\u00e3o<\/p>\n<p>Dire\u00e7\u00e3o: Nelson Brauwers, Juarez Braga Zamberlan, Iv\u00e2nio Dalagno e Valdinei Vargas<\/p>\n<p><strong>Sociedade Flu\u00edda \u2013 16:00\u201d \u2013\u00a0<\/strong><strong>Manaus\/Amazonas<\/strong><\/p>\n<p>Fic\u00e7\u00e3o<\/p>\n<p>Dire\u00e7\u00e3o: Matheus Mota<\/p>\n<p><strong>Vinde como estais \u2013 15:00\u201d \u2013\u00a0 Rio de Janeiro\/RJ<\/strong><\/p>\n<p>Experimental<\/p>\n<p>Dire\u00e7\u00e3o: Rafael Ribeiro e Galba Gog\u00f3ia<\/p>\n<p><strong>Fotos de Fam\u00edlia \u2013\u00a0<\/strong><strong>4:05\u201d \u2013 Juazeiro do Norte\/Cear\u00e1<\/strong><\/p>\n<p>Fic\u00e7\u00e3o<\/p>\n<p>Dire\u00e7\u00e3o: Jaildo Oliveira<\/p>\n<p><strong>Antes que vire p\u00f3 \u2013\u00a0<\/strong><strong>12:12\u201d \u2013 Curitiba\/Paran\u00e1<\/strong><\/p>\n<p>Fic\u00e7\u00e3o<\/p>\n<p>Dire\u00e7\u00e3o: Danilo Cust\u00f3dio<\/p>\n<p><strong>Liberdade \u2013\u00a0<\/strong><strong>2:55\u201d \u2013 Teresina\/Piau<\/strong><\/p>\n<p>Fic\u00e7\u00e3o<\/p>\n<p>Dire\u00e7\u00e3o: Andr\u00e9 Luis Moreira<\/p>\n<p><strong>FIM \u2013 15:00\u201d \u2013\u00a0<\/strong><strong>Jo\u00e3o Pessoa\/Para\u00edba<\/strong><\/p>\n<p>Fic\u00e7\u00e3o<\/p>\n<p>Dire\u00e7\u00e3o: Ana Dinniz<\/p>\n<p><strong>Live \u2013 13:00\u201d \u2013 Vit\u00f3ria\/ES<\/strong><\/p>\n<p>Fic\u00e7\u00e3o<\/p>\n<p>Dire\u00e7\u00e3o: Adriano Monteiro<\/p>\n<p><strong>O Afeto e a Rua \u2013 15:00\u201d \u2013 Porto Alegre\/Santa Catarina<\/strong><\/p>\n<p>Document\u00e1rio<\/p>\n<p>Dire\u00e7\u00e3o: Thiago K\u00f6che<\/p>\n<p><strong>Maria \u2013\u00a0<\/strong><strong>15:00\u201d \u2013 Lajeado\/RS<\/strong><\/p>\n<p>Fic\u00e7\u00e3o<\/p>\n<p>Dire\u00e7\u00e3o: Diego M\u00fcller<\/p>\n<p><strong>Love do Amor \u2013\u00a0<\/strong><strong>8:45\u201d \u2013 Santa Maria \u2013 Restinga Seca\/Rio Grande do Sul<\/strong><\/p>\n<p>Fic\u00e7\u00e3o<\/p>\n<p>Dire\u00e7\u00e3o: Fabr\u00edcio Koltermann<\/p>\n<p><strong>Sem retrato e sem bilhete \u2013\u00a0<\/strong><strong>19:09\u201d \u2013 Natal\/Rio Grande do Norte<\/strong><\/p>\n<p>Fic\u00e7\u00e3o<\/p>\n<p>Dire\u00e7\u00e3o: Babi Baracho<\/p>\n<p><strong>M\u00e3t\u00e3n\u00e3g, A Encantada \u2013 14:00\u201d \u2013 Belo Horizonte\/MG<\/strong><\/p>\n<p>Anima\u00e7\u00e3o<\/p>\n<p>Dire\u00e7\u00e3o: Shawara Maxakali e Charles Bicalho<\/p>\n<p><strong>Minha av\u00f3 \u00e9 uma fotografia \u2013 15:30\u201d \u2013 Vit\u00f3ria\/ES<\/strong><\/p>\n<p>Document\u00e1rio<\/p>\n<p>Dire\u00e7\u00e3o: M\u00f4nica Nitz<\/p>\n<p><strong>Sess\u00e3o Especial \u2013 15:00\u201d \u2013 Fortaleza\/Cear\u00e1<\/strong><\/p>\n<p>Fic\u00e7\u00e3o<\/p>\n<p>Dire\u00e7\u00e3o: Gabriela Queiroz<\/p>\n<p><strong>Apneia \u2013 15:00\u201d \u2013 Curitiba\/Paran\u00e1<\/strong><\/p>\n<p>Dire\u00e7\u00e3o: Carol Sakura &amp; Walkir Fernandes<\/p>\n<p>Anima\u00e7\u00e3o<\/p>\n<p><strong>Nuvem Negra \u2013 14:56 \u2013 Petrolina-PE<\/strong><\/p>\n<p>Fic\u00e7\u00e3o<\/p>\n<p>Dire\u00e7\u00e3o: Fl\u00e1vio Andrade<\/p>\n<p><strong>Licen\u00e7a Po\u00e9tica \u2013 13:00\u201d \u2013 Joinville\/Santa Catarina<\/strong><\/p>\n<p>Document\u00e1rio<\/p>\n<p>Dire\u00e7\u00e3o: Ilaine Melo<\/p>\n<p><strong>Fragile \u2013 10:24\u201d \u2013\u00a0<\/strong><strong>Belo Horizonte\/MG e Fl\u00f3rida<\/strong><\/p>\n<p>Experimental<\/p>\n<p>Dire\u00e7\u00e3o: Ramon Faria<\/p>\n<p><strong>O Grande Amor de um Lobo \u2013 12:00\u201d \u2013\u00a0<\/strong><strong>S\u00e3o Miguel do Gostoso \u2013 Rio Grande do Norte<\/strong><\/p>\n<p>Document\u00e1rio<\/p>\n<p>Dire\u00e7\u00e3o: Kennel Rogis e Adrianderson Barbosa<\/p>\n<p><strong>Ser Feliz No V\u00e3o \u2013 12:00\u201d \u2013 Rio de Janeiro\/RJ<\/strong><\/p>\n<p>Document\u00e1rio<\/p>\n<p>Dire\u00e7\u00e3o: Lucas H. Rossi dos Santos<\/p>\n","protected":false},"excerpt":{"rendered":"<p>A produ\u00e7\u00e3o do Festival de TV e Cinema de Muqui anuncia as 40 obras audiovisuais que far\u00e3o parte da programa\u00e7\u00e3o da 9\u00aa edi\u00e7\u00e3o. A Curadoria composta por Leandra Moreira e Christiane Brito se debru\u00e7aram em mais de 304 filmes vindos de todas as partes do Brasil. \u201c\u00c9 importante destacar que haviam muitos filmes interessantes. A [&hellip;]<\/p>\n","protected":false},"author":1,"featured_media":0,"comment_status":"open","ping_status":"open","sticky":false,"template":"","format":"standard","meta":{"_acf_changed":false,"footnotes":""},"categories":[1],"tags":[],"class_list":["post-1045","post","type-post","status-publish","format-standard","hentry","category-sem-categoria"],"acf":[],"_links":{"self":[{"href":"https:\/\/fecim.com.br\/2024\/wp-json\/wp\/v2\/posts\/1045","targetHints":{"allow":["GET"]}}],"collection":[{"href":"https:\/\/fecim.com.br\/2024\/wp-json\/wp\/v2\/posts"}],"about":[{"href":"https:\/\/fecim.com.br\/2024\/wp-json\/wp\/v2\/types\/post"}],"author":[{"embeddable":true,"href":"https:\/\/fecim.com.br\/2024\/wp-json\/wp\/v2\/users\/1"}],"replies":[{"embeddable":true,"href":"https:\/\/fecim.com.br\/2024\/wp-json\/wp\/v2\/comments?post=1045"}],"version-history":[{"count":0,"href":"https:\/\/fecim.com.br\/2024\/wp-json\/wp\/v2\/posts\/1045\/revisions"}],"wp:attachment":[{"href":"https:\/\/fecim.com.br\/2024\/wp-json\/wp\/v2\/media?parent=1045"}],"wp:term":[{"taxonomy":"category","embeddable":true,"href":"https:\/\/fecim.com.br\/2024\/wp-json\/wp\/v2\/categories?post=1045"},{"taxonomy":"post_tag","embeddable":true,"href":"https:\/\/fecim.com.br\/2024\/wp-json\/wp\/v2\/tags?post=1045"}],"curies":[{"name":"wp","href":"https:\/\/api.w.org\/{rel}","templated":true}]}}