{"id":1044,"date":"2020-11-12T00:00:00","date_gmt":"2020-11-12T03:00:00","guid":{"rendered":"http:\/\/fecim.com.br\/2023\/governo-do-es-apoia-o-9o-fecim\/"},"modified":"2020-11-12T00:00:00","modified_gmt":"2020-11-12T03:00:00","slug":"governo-do-es-apoia-o-9o-fecim","status":"publish","type":"post","link":"https:\/\/fecim.com.br\/2024\/governo-do-es-apoia-o-9o-fecim\/","title":{"rendered":"Governo do ES apoia o 9\u00ba FECIM"},"content":{"rendered":"<p>Atrav\u00e9s do Edital de Chamamento 002\/2020, a Associa\u00e7\u00e3o Comercial e Empresarial de Muqui e o Governo do ES, por interm\u00e9dio da SECULT, firmaram parceria para a realiza\u00e7\u00e3o da 9\u00aa edi\u00e7\u00e3o do FECIM \u2013 Festival de TV e Cinema de Muqui. O Estado vem fortalecendo a cada ano a sua participa\u00e7\u00e3o e interesse no evento no intuito de proporcionar a interioriza\u00e7\u00e3o da Cultura.<\/p>\n<p>O #FECIM2020 ser\u00e1 transmitido pelo<a href=\"https:\/\/www.youtube.com\/channel\/UCLuZ5n5YTE4kTLygd48Ox7A\" target=\"_blank\" rel=\"noreferrer noopener\" data-type=\"URL\" data-id=\"https:\/\/www.youtube.com\/channel\/UCLuZ5n5YTE4kTLygd48Ox7A\">\u00a0Youtube<\/a>\u00a0sempre \u00e0s 10h15, 13h15, 15h15, 17h15, 19h15, 21h15 nos dias 12, 13 e 14 de novembro de 2020.<\/p>\n","protected":false},"excerpt":{"rendered":"<p>Atrav\u00e9s do Edital de Chamamento 002\/2020, a Associa\u00e7\u00e3o Comercial e Empresarial de Muqui e o Governo do ES, por interm\u00e9dio da SECULT, firmaram parceria para a realiza\u00e7\u00e3o da 9\u00aa edi\u00e7\u00e3o do FECIM \u2013 Festival de TV e Cinema de Muqui. O Estado vem fortalecendo a cada ano a sua participa\u00e7\u00e3o e interesse no evento no [&hellip;]<\/p>\n","protected":false},"author":1,"featured_media":0,"comment_status":"open","ping_status":"open","sticky":false,"template":"","format":"standard","meta":{"_acf_changed":false,"footnotes":""},"categories":[1],"tags":[],"class_list":["post-1044","post","type-post","status-publish","format-standard","hentry","category-sem-categoria"],"acf":[],"_links":{"self":[{"href":"https:\/\/fecim.com.br\/2024\/wp-json\/wp\/v2\/posts\/1044","targetHints":{"allow":["GET"]}}],"collection":[{"href":"https:\/\/fecim.com.br\/2024\/wp-json\/wp\/v2\/posts"}],"about":[{"href":"https:\/\/fecim.com.br\/2024\/wp-json\/wp\/v2\/types\/post"}],"author":[{"embeddable":true,"href":"https:\/\/fecim.com.br\/2024\/wp-json\/wp\/v2\/users\/1"}],"replies":[{"embeddable":true,"href":"https:\/\/fecim.com.br\/2024\/wp-json\/wp\/v2\/comments?post=1044"}],"version-history":[{"count":0,"href":"https:\/\/fecim.com.br\/2024\/wp-json\/wp\/v2\/posts\/1044\/revisions"}],"wp:attachment":[{"href":"https:\/\/fecim.com.br\/2024\/wp-json\/wp\/v2\/media?parent=1044"}],"wp:term":[{"taxonomy":"category","embeddable":true,"href":"https:\/\/fecim.com.br\/2024\/wp-json\/wp\/v2\/categories?post=1044"},{"taxonomy":"post_tag","embeddable":true,"href":"https:\/\/fecim.com.br\/2024\/wp-json\/wp\/v2\/tags?post=1044"}],"curies":[{"name":"wp","href":"https:\/\/api.w.org\/{rel}","templated":true}]}}