{"id":1043,"date":"2021-08-16T00:00:00","date_gmt":"2021-08-16T03:00:00","guid":{"rendered":"http:\/\/fecim.com.br\/2023\/10o-festival-de-cinema-de-muqui-abre-inscricoes-para-a-edicao-2021\/"},"modified":"2021-08-16T00:00:00","modified_gmt":"2021-08-16T03:00:00","slug":"10o-festival-de-cinema-de-muqui-abre-inscricoes-para-a-edicao-2021","status":"publish","type":"post","link":"https:\/\/fecim.com.br\/2024\/10o-festival-de-cinema-de-muqui-abre-inscricoes-para-a-edicao-2021\/","title":{"rendered":"10\u00ba Festival de cinema de Muqui abre inscri\u00e7\u00f5es para a edi\u00e7\u00e3o 2021"},"content":{"rendered":"<p class=\"has-text-align-center\"><strong>10\u00ba FECIM \u2013 FESTIVAL DE TV E CINEMA DE MUQUI<\/strong><\/p>\n<p class=\"has-text-align-center\"><strong>SELE\u00c7\u00c3O NACIONAL<\/strong><\/p>\n<p class=\"has-text-align-center\"><strong>DE FILMES DE CURTA METRAGEM, DE PROJETOS MULTIPLATAFORMAS E S\u00c9RIES DE TV<\/strong><\/p>\n<p>O FECIM \u2013 Festival de TV e Cinema de Muqui realizado no Maior S\u00edtio Hist\u00f3rico do Esp\u00edrito Santo est\u00e1 em sua d\u00e9cima edi\u00e7\u00e3o e abre inscri\u00e7\u00f5es para filmes de curta metragem, projetos multiplataformas e s\u00e9ries de TV. O evento\u00a0 de difus\u00e3o audiovisual acontecer\u00e1 nos dias\u00a0<strong>12, 13 e 14 de novembro de 2021<\/strong> na modalidade online diretamente do canal no\u00a0<a href=\"https:\/\/www.youtube.com\/channel\/UCLuZ5n5YTE4kTLygd48Ox7A\" target=\"_blank\" rel=\"noreferrer noopener\"><strong>Youtube<\/strong><\/a>\u00a0do FECIM. A edi\u00e7\u00e3o comemorativa de 10 anos abre espa\u00e7o para obras audiovisuais finalizadas desde 2012, ano de cria\u00e7\u00e3o do FECIM e do Tombamento do S\u00edtio Hist\u00f3rico de Muqui.<\/p>\n<p><strong>SOBRE O FESTIVAL<\/strong><\/p>\n<p>O FECIM \u00e9 um Festival de TV e Cinema realizado desde 2012 em Muqui, o maior S\u00edtio Hist\u00f3rico do Estado do Esp\u00edrito Santo. O projeto foi idealizado por Jussan Silva e Silva no intuito de promover a Economia Criativa da cidade atrav\u00e9s do Audiovisual. O objetivo da iniciativa \u00e9 potencializar o cinema em comunidades interioranas contribuindo para o acesso \u00e0 informa\u00e7\u00e3o e \u00e0 difus\u00e3o da Cultura. Al\u00e9m disso, a proposta do Festival \u00e9 fortalecer e apoiar a produ\u00e7\u00e3o independente visando contemplar as diversas vis\u00f5es da diversidade audiovisual brasileira.<\/p>\n<p>O FECIM \u00e9 o \u00fanico Festival de TV e Cinema do Sul do Esp\u00edrito Santo. O projeto refor\u00e7a a import\u00e2ncia dos conceitos de Cidade, Cinema, Mem\u00f3ria e Patrim\u00f4nio. O Festival prioriza ao longo dos meses que antecedem \u00e0 sua realiza\u00e7\u00e3o, a interioriza\u00e7\u00e3o de pr\u00e1ticas culturais em escolas, cineclubes, espa\u00e7os p\u00fablicos e comunidades rurais. A d\u00e9cima edi\u00e7\u00e3o do evento deseja valorizar a participa\u00e7\u00e3o popular, a constru\u00e7\u00e3o de novas narrativas e o conte\u00fado multiplataforma sob o olhar de quem vive no interior do Brasil.<\/p>\n<p>O FECIM j\u00e1 impacta na educa\u00e7\u00e3o e na economia da cidade, incentivando talentos, envolvendo um p\u00fablico diversificado, promovendo a participa\u00e7\u00e3o social e a valoriza\u00e7\u00e3o do S\u00edtio Hist\u00f3rico. O Festival colabora para que Muqui seja considerada uma cidade criativa. O\u00a0<a href=\"https:\/\/secult.es.gov.br\/Media\/Secult\/Importacao\/PLANO%20ESTADUAL%20DE%20CULTURA%20DO%20ES%20-%20DIAGN%C3%93STICO%20FINAL.pdf\" target=\"_blank\" rel=\"noreferrer noopener\"><strong>Plano Estadual de Cultura<\/strong><\/a>, aprovado em 2013, ressalta a necessidade de promover a interioriza\u00e7\u00e3o da Cultura em todas os segmentos da Economia Criativa. Defender a promo\u00e7\u00e3o do interior capixaba \u00e9 uma voca\u00e7\u00e3o do Festival.<\/p>\n<p><strong>TEMA 2021<\/strong><\/p>\n<p><strong>Agricultura Familiar e Vida no Interior<\/strong><\/p>\n<p>O 10\u00ba FECIM busca obras audiovisuais que apresentem narrativas interioranas. O Festival deseja reunir filmes que revelem em sua estrutura o poder das hist\u00f3rias vindas das pequenas cidade e comunidades rurais do Brasil.\u00a0 Portanto, obras que mostrem como \u00e9 a vida no interior e como as pessoas alcan\u00e7am seus prop\u00f3sitos.<\/p>\n<p>Essa experi\u00eancia precisa ser cada vez mais refor\u00e7ada num projeto de difus\u00e3o audiovisual no interior, como o FECIM. O Estado do Esp\u00edrito Santo, possui apenas\u00a0<a href=\"https:\/\/www.folhavitoria.com.br\/geral\/noticia\/05\/2019\/cresce-numero-de-salas-de-cinema-no-es-mas-acesso-ainda-e-restrito\" target=\"_blank\" rel=\"noreferrer noopener\"><strong>12 salas de Cinema entre os 78 Munic\u00edpios Capixabas<\/strong><\/a><strong>.<\/strong>\u00a0Da\u00ed a import\u00e2ncia dos Festivais levarem obras audiovisuais para o interior. O FECIM \u00e9 a \u00fanica oportunidade de acesso ao cinema para a Regi\u00e3o Sul.<\/p>\n<p>O FECIM assegura um retorno financeiro \u00e0 agenda cultural do S\u00edtio Hist\u00f3rico movimentando a economia\u00a0 dos prestadores de servi\u00e7os locais, dos hot\u00e9is, bares, restaurantes e servi\u00e7os de \u201cCama &amp; Caf\u00e9\u201d.<\/p>\n<p><strong>MOSTRAS<\/strong><\/p>\n<p><strong>Mostra Nacional de Curta-Metragem<\/strong>\u00a0\u2013 Filmes de fic\u00e7\u00e3o, document\u00e1rio, anima\u00e7\u00e3o, experimental ou de g\u00eanero h\u00edbrido com no m\u00e1ximo 15 minutos de dura\u00e7\u00e3o e finalizados entre 2012 e 2021, in\u00e9ditos no FECIM.<\/p>\n<p><strong>Mostra Nacional de TV<\/strong>\u00a0\u2013 Epis\u00f3dio piloto nas categorias: fic\u00e7\u00e3o, document\u00e1rio e ou anima\u00e7\u00e3o de at\u00e9 26 minutos de dura\u00e7\u00e3o, finalizados entre 2012 e 2021, in\u00e9ditos no FECIM.<\/p>\n<p><strong>Mostra Nacional de WEB<\/strong>\u00a0\u2013 Projetos Multiplataformas \u2013Epis\u00f3dio piloto nas categorias: fic\u00e7\u00e3o, document\u00e1rio e ou anima\u00e7\u00e3o em qualquer formato de dura\u00e7\u00e3o ou plataforma, finalizados entre 2012 e 2021, in\u00e9ditos no FECIM.<\/p>\n<p><strong>PREMIA\u00c7\u00d5ES<\/strong><\/p>\n<p><strong>J\u00fari Popular<\/strong><\/p>\n<p>O J\u00fari Popular, composto por moradores da cidade de Muqui, premiar\u00e1; com o \u201cTrof\u00e9u Mucuim\u201d, a melhor obra de acordo com seu g\u00eanero em cada Mostra Competitiva.<\/p>\n<p>O FECIM 2021 poder\u00e1 premiar com dinheiro, a depender da capta\u00e7\u00e3o de recursos do Festival.<\/p>\n<p>O FECIM se responsabiliza pelas despesas de envio dos trof\u00e9us aos ganhadores.<\/p>\n<p><strong>INSCRI\u00c7\u00d5ES<\/strong><\/p>\n<p>O FECIM 2021 aceita inscri\u00e7\u00f5es no per\u00edodo de\u00a0<strong>18 de agosto a 05 de setembro de 2021<\/strong>, realizadas gratuitamente por meio do link de inscri\u00e7\u00f5es:\u00a0<a href=\"https:\/\/bit.ly\/Inscri%C3%A7%C3%B5esFECIM2021\" target=\"_blank\" rel=\"noreferrer noopener\" data-type=\"URL\" data-id=\"https:\/\/bit.ly\/Inscri\u00e7\u00f5esFECIM2021\">https:\/\/bit.ly\/Inscri\u00e7\u00f5esFECIM2021<\/a><\/p>\n<p>O resultado da Curadoria ser\u00e1 divulgado no\u00a0\u00a0 dia\u00a0\u00a0<strong>11 de outubro de 2021<\/strong>\u00a0no site e em todas as redes sociais do Festival.<\/p>\n<p>A programa\u00e7\u00e3o do Festival ser\u00e1 lan\u00e7ada no dia de Muqui,\u00a0<strong>22 de outubro de 2021<\/strong>.<\/p>\n<p><strong>FORMATOS<\/strong><\/p>\n<p>Os filmes selecionados dever\u00e3o ser enviados em formato digital, FULL HD, MP4, para o e-mail\u00a0<a href=\"mailto:inscricoesfecim@gmail.com\">inscricoesfecim@gmail.com<\/a>\u00a0sem prazo para download ou pelo Correio, em 1 DVD, para o endere\u00e7o: 10\u00ba FECIM \u2013 Festival de Cinema e TV de Muqui \u2013 Rua Aur\u00e9lio Rodrigues Alves, n\u00ba 114, Entre Morros \u2013 Muqui \u2013ES<\/p>\n<p>\u2013 Brasil. CEP: 29480-000.<\/p>\n<p>A obra selecionada n\u00e3o ser\u00e1 aceita em plataforma com prazo para download.<\/p>\n<p>As despesas de transporte e todos os encargos e tributos incidentes referentes \u00e0 remessa do trabalho para a sele\u00e7\u00e3o ser\u00e3o de total responsabilidade do participante.<\/p>\n<p>Os produtores dos filmes enviados para a sele\u00e7\u00e3o da curadoria autorizam a divulga\u00e7\u00e3o das obras nas plataformas digitais do FECIM, que dever\u00e3o ser utilizados somente com objetivos culturais, sem fins comerciais.<\/p>\n<p>O respons\u00e1vel pela inscri\u00e7\u00e3o do trabalho selecionado dever\u00e1 enviar, para o endere\u00e7o descrito acima, declara\u00e7\u00e3o informando que dispensa cobran\u00e7a oriunda de direito autoral por parte do ECAD, conforme rege a Lei 9.610\/98. Essa declara\u00e7\u00e3o dever\u00e1 ser assinada pelo Autor da Trilha Sonora, ou m\u00fasica veiculada no filme, em conjunto com o diretor da obra audiovisual e enviada para o e-mail\u00a0<a href=\"mailto:inscricoesfecim@gmail.com\">inscricoesfecim@gmail.com<\/a>.<\/p>\n<p><strong>N\u00daMERO DE TRABALHOS INSCRITOS<\/strong><\/p>\n<p>Cada realizador pode inscrever quantos projetos desejar desde que preencha diferentes formul\u00e1rios para cada obra.<\/p>\n<p><strong>COVID-19<\/strong><\/p>\n<p>Considerando a pandemia presente no pa\u00eds, e as orienta\u00e7\u00f5es da OMS, do Minist\u00e9rio da Sa\u00fade, do Governo de Estado do ES e da Prefeitura de Muqui, e a imprevisibilidade da realidade local, o FECIM se resguarda no direito de realizar o evento no formato online. Os realizadores autorizam a exibi\u00e7\u00e3o dos seus filmes de forma gratuita no Youtube do FECIM, pelo prazo de 24h.<\/p>\n<p><strong>DIVULGA\u00c7\u00c3O<\/strong><\/p>\n<p>Com a autoriza\u00e7\u00e3o do realizador, todas as informa\u00e7\u00f5es presentes no formul\u00e1rio de inscri\u00e7\u00e3o dos filmes selecionados, assim como trechos de at\u00e9 30 segundos da obra, poder\u00e3o ser publicadas e exibidas por meio das p\u00e1ginas do Festival na internet, bem como em publica\u00e7\u00f5es impressas, sonoras e televisivas, no intuito de divulgar os trabalhos e o 10\u00ba FECIM.<\/p>\n<p>A inscri\u00e7\u00e3o no Festival implica na plena aceita\u00e7\u00e3o deste regulamento.<\/p>\n<p><strong>D\u00favidas e informa\u00e7\u00f5es:<\/strong>\u00a0<a href=\"mailto:inscricoesfecim@gmail.com\">inscricoesfecim@gmail.com<\/a><\/p>\n<p><strong>Jussan Silva e Silva<\/strong><\/p>\n<p><strong>Idealiza\u00e7\u00e3o<\/strong><\/p>\n","protected":false},"excerpt":{"rendered":"<p>10\u00ba FECIM \u2013 FESTIVAL DE TV E CINEMA DE MUQUI SELE\u00c7\u00c3O NACIONAL DE FILMES DE CURTA METRAGEM, DE PROJETOS MULTIPLATAFORMAS E S\u00c9RIES DE TV O FECIM \u2013 Festival de TV e Cinema de Muqui realizado no Maior S\u00edtio Hist\u00f3rico do Esp\u00edrito Santo est\u00e1 em sua d\u00e9cima edi\u00e7\u00e3o e abre inscri\u00e7\u00f5es para filmes de curta metragem, [&hellip;]<\/p>\n","protected":false},"author":1,"featured_media":0,"comment_status":"open","ping_status":"open","sticky":false,"template":"","format":"standard","meta":{"_acf_changed":false,"footnotes":""},"categories":[1],"tags":[],"class_list":["post-1043","post","type-post","status-publish","format-standard","hentry","category-sem-categoria"],"acf":[],"_links":{"self":[{"href":"https:\/\/fecim.com.br\/2024\/wp-json\/wp\/v2\/posts\/1043","targetHints":{"allow":["GET"]}}],"collection":[{"href":"https:\/\/fecim.com.br\/2024\/wp-json\/wp\/v2\/posts"}],"about":[{"href":"https:\/\/fecim.com.br\/2024\/wp-json\/wp\/v2\/types\/post"}],"author":[{"embeddable":true,"href":"https:\/\/fecim.com.br\/2024\/wp-json\/wp\/v2\/users\/1"}],"replies":[{"embeddable":true,"href":"https:\/\/fecim.com.br\/2024\/wp-json\/wp\/v2\/comments?post=1043"}],"version-history":[{"count":0,"href":"https:\/\/fecim.com.br\/2024\/wp-json\/wp\/v2\/posts\/1043\/revisions"}],"wp:attachment":[{"href":"https:\/\/fecim.com.br\/2024\/wp-json\/wp\/v2\/media?parent=1043"}],"wp:term":[{"taxonomy":"category","embeddable":true,"href":"https:\/\/fecim.com.br\/2024\/wp-json\/wp\/v2\/categories?post=1043"},{"taxonomy":"post_tag","embeddable":true,"href":"https:\/\/fecim.com.br\/2024\/wp-json\/wp\/v2\/tags?post=1043"}],"curies":[{"name":"wp","href":"https:\/\/api.w.org\/{rel}","templated":true}]}}